{"id":259,"date":"2025-02-13T15:03:58","date_gmt":"2025-02-13T14:03:58","guid":{"rendered":"https:\/\/dewolfswinkel.nl\/?p=259"},"modified":"2025-02-15T10:49:26","modified_gmt":"2025-02-15T09:49:26","slug":"en-de-deur-gaat-voor-de-laatste-keer-sluiten","status":"publish","type":"post","link":"https:\/\/dewolfswinkel.nl\/de\/en-de-deur-gaat-voor-de-laatste-keer-sluiten\/","title":{"rendered":"Und die T\u00fcr wird zum letzten Mal geschlossen"},"content":{"rendered":"<p>Wir haben den Laden 16 Jahre lang mit viel Freude in diesem Geb\u00e4ude betrieben. In der n\u00e4chsten Saison werden wir an einen anderen Ort auf dem Campingplatz umziehen und ganz neue R\u00e4umlichkeiten beziehen.<br \/>\nNeue Herausforderung!<\/p>\n<p><img fetchpriority=\"high\" decoding=\"async\" class=\"alignnone size-medium wp-image-267\" src=\"https:\/\/dewolfswinkel.nl\/wp-content\/uploads\/2025\/02\/foto-1-212x300.jpg\" alt=\"\" width=\"212\" height=\"300\" srcset=\"https:\/\/dewolfswinkel.nl\/wp-content\/uploads\/2025\/02\/foto-1-212x300.jpg 212w, https:\/\/dewolfswinkel.nl\/wp-content\/uploads\/2025\/02\/foto-1-723x1024.jpg 723w, https:\/\/dewolfswinkel.nl\/wp-content\/uploads\/2025\/02\/foto-1-768x1088.jpg 768w, https:\/\/dewolfswinkel.nl\/wp-content\/uploads\/2025\/02\/foto-1.jpg 1079w\" sizes=\"(max-width: 212px) 100vw, 212px\" \/>\u00a0 \u00a0 \u00a0 <img decoding=\"async\" class=\"alignnone size-medium wp-image-268\" src=\"https:\/\/dewolfswinkel.nl\/wp-content\/uploads\/2025\/02\/foto-2-205x300.jpg\" alt=\"\" width=\"205\" height=\"300\" srcset=\"https:\/\/dewolfswinkel.nl\/wp-content\/uploads\/2025\/02\/foto-2-205x300.jpg 205w, https:\/\/dewolfswinkel.nl\/wp-content\/uploads\/2025\/02\/foto-2-698x1024.jpg 698w, https:\/\/dewolfswinkel.nl\/wp-content\/uploads\/2025\/02\/foto-2-768x1127.jpg 768w, https:\/\/dewolfswinkel.nl\/wp-content\/uploads\/2025\/02\/foto-2-1047x1536.jpg 1047w, https:\/\/dewolfswinkel.nl\/wp-content\/uploads\/2025\/02\/foto-2.jpg 1056w\" sizes=\"(max-width: 205px) 100vw, 205px\" \/><\/p>","protected":false},"excerpt":{"rendered":"<p>Met veel plezier hebben we in dit pand 16 jaar de winkel gerund. Komend seizoen gaan we verhuizen naar een andere plek op de camping en komen in een gloednieuw pand. Nieuwe uitdaging! \u00a0 \u00a0 \u00a0<\/p>","protected":false},"author":1,"featured_media":268,"comment_status":"open","ping_status":"open","sticky":false,"template":"","format":"standard","meta":{"_acf_changed":false,"footnotes":""},"categories":[1],"tags":[],"class_list":["post-259","post","type-post","status-publish","format-standard","has-post-thumbnail","hentry","category-uncategorized"],"acf":[],"_links":{"self":[{"href":"https:\/\/dewolfswinkel.nl\/de\/wp-json\/wp\/v2\/posts\/259","targetHints":{"allow":["GET"]}}],"collection":[{"href":"https:\/\/dewolfswinkel.nl\/de\/wp-json\/wp\/v2\/posts"}],"about":[{"href":"https:\/\/dewolfswinkel.nl\/de\/wp-json\/wp\/v2\/types\/post"}],"author":[{"embeddable":true,"href":"https:\/\/dewolfswinkel.nl\/de\/wp-json\/wp\/v2\/users\/1"}],"replies":[{"embeddable":true,"href":"https:\/\/dewolfswinkel.nl\/de\/wp-json\/wp\/v2\/comments?post=259"}],"version-history":[{"count":6,"href":"https:\/\/dewolfswinkel.nl\/de\/wp-json\/wp\/v2\/posts\/259\/revisions"}],"predecessor-version":[{"id":431,"href":"https:\/\/dewolfswinkel.nl\/de\/wp-json\/wp\/v2\/posts\/259\/revisions\/431"}],"wp:featuredmedia":[{"embeddable":true,"href":"https:\/\/dewolfswinkel.nl\/de\/wp-json\/wp\/v2\/media\/268"}],"wp:attachment":[{"href":"https:\/\/dewolfswinkel.nl\/de\/wp-json\/wp\/v2\/media?parent=259"}],"wp:term":[{"taxonomy":"category","embeddable":true,"href":"https:\/\/dewolfswinkel.nl\/de\/wp-json\/wp\/v2\/categories?post=259"},{"taxonomy":"post_tag","embeddable":true,"href":"https:\/\/dewolfswinkel.nl\/de\/wp-json\/wp\/v2\/tags?post=259"}],"curies":[{"name":"wp","href":"https:\/\/api.w.org\/{rel}","templated":true}]}}