{"id":414,"date":"2025-02-14T19:54:59","date_gmt":"2025-02-14T18:54:59","guid":{"rendered":"https:\/\/dewolfswinkel.nl\/?p=414"},"modified":"2025-02-15T10:47:21","modified_gmt":"2025-02-15T09:47:21","slug":"de-bouw-van-het-nieuwe-pand","status":"publish","type":"post","link":"https:\/\/dewolfswinkel.nl\/de\/de-bouw-van-het-nieuwe-pand\/","title":{"rendered":"Der Bau des neuen Geb\u00e4udes!"},"content":{"rendered":"<p>Ab September ist der Campingplatz bereits mit dem Bau der neuen R\u00e4umlichkeiten besch\u00e4ftigt, in denen der Laden, die Rezeption und die Vermietung untergebracht werden.<br \/>\nEs geht schnell!!!<br \/>\nNachfolgend finden Sie eine \u00dcbersicht \u00fcber die Bauarbeiten der letzten Monate.<\/p>\n<p>&nbsp;<\/p>\n<p><img decoding=\"async\" class=\"alignnone size-medium wp-image-269\" src=\"https:\/\/dewolfswinkel.nl\/wp-content\/uploads\/2025\/02\/foto-3-300x135.jpg\" alt=\"\" width=\"300\" height=\"135\" srcset=\"https:\/\/dewolfswinkel.nl\/wp-content\/uploads\/2025\/02\/foto-3-300x135.jpg 300w, https:\/\/dewolfswinkel.nl\/wp-content\/uploads\/2025\/02\/foto-3-1024x461.jpg 1024w, https:\/\/dewolfswinkel.nl\/wp-content\/uploads\/2025\/02\/foto-3-768x346.jpg 768w, https:\/\/dewolfswinkel.nl\/wp-content\/uploads\/2025\/02\/foto-3-1536x692.jpg 1536w, https:\/\/dewolfswinkel.nl\/wp-content\/uploads\/2025\/02\/foto-3.jpg 2000w\" sizes=\"(max-width: 300px) 100vw, 300px\" \/> <img decoding=\"async\" class=\"alignnone size-medium wp-image-271\" src=\"https:\/\/dewolfswinkel.nl\/wp-content\/uploads\/2025\/02\/foto-5-300x135.jpg\" alt=\"\" width=\"300\" height=\"135\" srcset=\"https:\/\/dewolfswinkel.nl\/wp-content\/uploads\/2025\/02\/foto-5-300x135.jpg 300w, https:\/\/dewolfswinkel.nl\/wp-content\/uploads\/2025\/02\/foto-5-1024x461.jpg 1024w, https:\/\/dewolfswinkel.nl\/wp-content\/uploads\/2025\/02\/foto-5-768x346.jpg 768w, https:\/\/dewolfswinkel.nl\/wp-content\/uploads\/2025\/02\/foto-5-1536x692.jpg 1536w, https:\/\/dewolfswinkel.nl\/wp-content\/uploads\/2025\/02\/foto-5.jpg 2000w\" sizes=\"(max-width: 300px) 100vw, 300px\" \/> <img decoding=\"async\" class=\"alignnone size-medium wp-image-272\" src=\"https:\/\/dewolfswinkel.nl\/wp-content\/uploads\/2025\/02\/foto-6-300x135.jpg\" alt=\"\" width=\"300\" height=\"135\" srcset=\"https:\/\/dewolfswinkel.nl\/wp-content\/uploads\/2025\/02\/foto-6-300x135.jpg 300w, https:\/\/dewolfswinkel.nl\/wp-content\/uploads\/2025\/02\/foto-6-1024x461.jpg 1024w, https:\/\/dewolfswinkel.nl\/wp-content\/uploads\/2025\/02\/foto-6-768x346.jpg 768w, https:\/\/dewolfswinkel.nl\/wp-content\/uploads\/2025\/02\/foto-6-1536x692.jpg 1536w, https:\/\/dewolfswinkel.nl\/wp-content\/uploads\/2025\/02\/foto-6.jpg 2000w\" sizes=\"(max-width: 300px) 100vw, 300px\" \/> <img loading=\"lazy\" decoding=\"async\" class=\"alignnone size-medium wp-image-273\" src=\"https:\/\/dewolfswinkel.nl\/wp-content\/uploads\/2025\/02\/foto-7-300x135.jpg\" alt=\"\" width=\"300\" height=\"135\" srcset=\"https:\/\/dewolfswinkel.nl\/wp-content\/uploads\/2025\/02\/foto-7-300x135.jpg 300w, https:\/\/dewolfswinkel.nl\/wp-content\/uploads\/2025\/02\/foto-7-1024x461.jpg 1024w, https:\/\/dewolfswinkel.nl\/wp-content\/uploads\/2025\/02\/foto-7-768x346.jpg 768w, https:\/\/dewolfswinkel.nl\/wp-content\/uploads\/2025\/02\/foto-7-1536x692.jpg 1536w, https:\/\/dewolfswinkel.nl\/wp-content\/uploads\/2025\/02\/foto-7.jpg 2000w\" sizes=\"(max-width: 300px) 100vw, 300px\" \/> <img loading=\"lazy\" decoding=\"async\" class=\"alignnone size-medium wp-image-274\" src=\"https:\/\/dewolfswinkel.nl\/wp-content\/uploads\/2025\/02\/foto-8-300x135.jpg\" alt=\"\" width=\"300\" height=\"135\" srcset=\"https:\/\/dewolfswinkel.nl\/wp-content\/uploads\/2025\/02\/foto-8-300x135.jpg 300w, https:\/\/dewolfswinkel.nl\/wp-content\/uploads\/2025\/02\/foto-8-1024x461.jpg 1024w, https:\/\/dewolfswinkel.nl\/wp-content\/uploads\/2025\/02\/foto-8-768x346.jpg 768w, https:\/\/dewolfswinkel.nl\/wp-content\/uploads\/2025\/02\/foto-8-1536x692.jpg 1536w, https:\/\/dewolfswinkel.nl\/wp-content\/uploads\/2025\/02\/foto-8.jpg 2000w\" sizes=\"(max-width: 300px) 100vw, 300px\" \/><\/p>","protected":false},"excerpt":{"rendered":"<p>Vanaf september is de camping al druk bezig met de bouw van het nieuwe pand, waarin de winkel, de receptie en de verhuur komen. Het gaat snel!! Hieronder een impressie van de bouw de afgelopen maanden. &nbsp;<\/p>","protected":false},"author":2,"featured_media":273,"comment_status":"open","ping_status":"closed","sticky":false,"template":"","format":"standard","meta":{"_acf_changed":false,"footnotes":""},"categories":[1],"tags":[],"class_list":["post-414","post","type-post","status-publish","format-standard","has-post-thumbnail","hentry","category-uncategorized"],"acf":[],"_links":{"self":[{"href":"https:\/\/dewolfswinkel.nl\/de\/wp-json\/wp\/v2\/posts\/414","targetHints":{"allow":["GET"]}}],"collection":[{"href":"https:\/\/dewolfswinkel.nl\/de\/wp-json\/wp\/v2\/posts"}],"about":[{"href":"https:\/\/dewolfswinkel.nl\/de\/wp-json\/wp\/v2\/types\/post"}],"author":[{"embeddable":true,"href":"https:\/\/dewolfswinkel.nl\/de\/wp-json\/wp\/v2\/users\/2"}],"replies":[{"embeddable":true,"href":"https:\/\/dewolfswinkel.nl\/de\/wp-json\/wp\/v2\/comments?post=414"}],"version-history":[{"count":2,"href":"https:\/\/dewolfswinkel.nl\/de\/wp-json\/wp\/v2\/posts\/414\/revisions"}],"predecessor-version":[{"id":430,"href":"https:\/\/dewolfswinkel.nl\/de\/wp-json\/wp\/v2\/posts\/414\/revisions\/430"}],"wp:featuredmedia":[{"embeddable":true,"href":"https:\/\/dewolfswinkel.nl\/de\/wp-json\/wp\/v2\/media\/273"}],"wp:attachment":[{"href":"https:\/\/dewolfswinkel.nl\/de\/wp-json\/wp\/v2\/media?parent=414"}],"wp:term":[{"taxonomy":"category","embeddable":true,"href":"https:\/\/dewolfswinkel.nl\/de\/wp-json\/wp\/v2\/categories?post=414"},{"taxonomy":"post_tag","embeddable":true,"href":"https:\/\/dewolfswinkel.nl\/de\/wp-json\/wp\/v2\/tags?post=414"}],"curies":[{"name":"wp","href":"https:\/\/api.w.org\/{rel}","templated":true}]}}